{"id":1238,"date":"2015-09-14T09:30:24","date_gmt":"2015-09-14T14:30:24","guid":{"rendered":"https:\/\/www.kukyflor.com\/blog\/?p=1238"},"modified":"2023-10-31T12:54:24","modified_gmt":"2023-10-31T17:54:24","slug":"2015-el-ano-del-girasol","status":"publish","type":"post","link":"https:\/\/www.kukyflor.com\/blog\/novedades\/2015-el-ano-del-girasol\/","title":{"rendered":"2015: El a\u00f1o del girasol"},"content":{"rendered":"<p><a href=\"https:\/\/www.kukyflor.com\/blog\/wp-content\/uploads\/2015\/09\/sonnenblumen.jpg\"><img loading=\"lazy\" decoding=\"async\" class=\"alignnone size-medium wp-image-1240\" src=\"https:\/\/www.kukyflor.com\/blog\/wp-content\/uploads\/2015\/09\/sonnenblumen-300x200.jpg\" alt=\"sonnenblumen\" width=\"300\" height=\"200\" srcset=\"https:\/\/www.kukyflor.com\/blog\/wp-content\/uploads\/2015\/09\/sonnenblumen-300x200.jpg 300w, https:\/\/www.kukyflor.com\/blog\/wp-content\/uploads\/2015\/09\/sonnenblumen-1024x683.jpg 1024w, https:\/\/www.kukyflor.com\/blog\/wp-content\/uploads\/2015\/09\/sonnenblumen.jpg 1200w\" sizes=\"(max-width: 300px) 100vw, 300px\" \/><\/a>\u00bfSab\u00edas que la Organizaci\u00f3n Internacional Fleuroselect decret\u00f3 el 2015 como el a\u00f1o del girasol? As\u00ed es, con esta campa\u00f1a se intenta promover\u00a0el uso de los girasoles entre propietarios de jardines privados y los jardineros aficionados. Sin duda, los girasoles son plantas excelentes para el jard\u00edn y fenomenales como flor decorativa, as\u00ed que se merecen este homenaje.<\/p>\n<p>Acomp\u00e1\u00f1anos en este art\u00edculo para conocer un poco m\u00e1s de esta homenajeada planta.<\/p>\n<p><strong>La historia de los girasoles<\/strong><\/p>\n<p>La mayor\u00eda de los girasoles son originarios del continente americano y estos crecen, florecen y producen semillas en el mismo a\u00f1o. Los girasoles son plantas perfectas para los jardines y tambi\u00e9n valiosas como planta de cultivo. Los girasoles pueden ser de color naranja, rosa, rojo, burdeos y hasta de color blanco.<\/p>\n<p>Los girasoles j\u00f3venes siguen el movimiento diario del sol para que las flores no maduras est\u00e9n de cara al sol, de ah\u00ed el nombre de girasol (sunflower). Cuando las flores maduran, su capacidad para seguir al sol se reduce y tienden a virar al este para saludar al sol de la ma\u00f1ana.<\/p>\n<p><strong>Variedades<\/strong><\/p>\n<p>Hay docenas de diferentes variedades que se pueden cultivar y varios tipos diferentes en cada una de ellas tambi\u00e9n. Pueden ser gigantes con flores del tama\u00f1o de platos con 3 metros de altura, o m\u00e1s bien peque\u00f1as, como las que vemos com\u00fanmente. Las plantas de girasol perennes duran varios a\u00f1os y vuelven a crecer cada primavera, floreciendo hasta el verano tard\u00edo.<\/p>\n<p><a href=\"https:\/\/www.kukyflor.com\/blog\/wp-content\/uploads\/2015\/09\/20130828-060206.jpg\"><img loading=\"lazy\" decoding=\"async\" class=\"alignnone size-medium wp-image-1241\" src=\"https:\/\/www.kukyflor.com\/blog\/wp-content\/uploads\/2015\/09\/20130828-060206-300x200.jpg\" alt=\"20130828-060206\" width=\"300\" height=\"200\" srcset=\"https:\/\/www.kukyflor.com\/blog\/wp-content\/uploads\/2015\/09\/20130828-060206-300x200.jpg 300w, https:\/\/www.kukyflor.com\/blog\/wp-content\/uploads\/2015\/09\/20130828-060206.jpg 1000w\" sizes=\"(max-width: 300px) 100vw, 300px\" \/><\/a><\/p>\n<p><strong>Distintos usos y decoraci\u00f3n<\/strong><\/p>\n<p>Definitivamente, los girasoles resaltan el potencial del lugar donde los pongas. Es por esto que son las favoritas a la hora de decorar.<\/p>\n<p>Para el jard\u00edn, puedes aprovechar su altura y fuerza y usarlos como una frontera natural para separar su jard\u00edn o para disfrazar una valla. Adem\u00e1s, son ideales para macetas ya que \u00e9stas se ramifican muy bien. Por otro lado, son muy f\u00e1ciles de cultivar e inclusive principiantes pueden hacerlo.<\/p>\n<p>Para la decoraci\u00f3n de la casa, los girasoles cortados durar\u00e1n alrededor de dos semanas. Se pueden incluso elegir cultivar variedades libres de polen y quedan perfecto en jarros de vidrio transparente, esto resaltar\u00e1 tu sala o comedor.<\/p>\n<p><strong>\u00a0<\/strong>Ahora que conoces un poco m\u00e1s sobre ellos, an\u00edmate a incluirlos en tu hogar para que aporten el toque alegre y colorido\u00a0que los caracteriza. Ingresa <a target=\"_blank\" href=\"https:\/\/www.kukyflor.com\/es\/buscar?controller=search&amp;orderby=position&amp;orderway=desc&amp;search_query=girasoles&amp;submit_search=\" rel=\"noopener\"><strong>aqu\u00ed<\/strong><\/a> para ver lindos arreglo florales con girasoles.<\/p>\n","protected":false},"excerpt":{"rendered":"<p>\u00bfSab\u00edas que la Organizaci\u00f3n Internacional Fleuroselect decret\u00f3 el 2015 como el a\u00f1o del girasol? As\u00ed es, con esta campa\u00f1a se intenta promover\u00a0el uso de los girasoles entre propietarios de jardines privados y los jardineros aficionados. Sin duda, los girasoles son plantas excelentes para el jard\u00edn y fenomenales como flor decorativa, as\u00ed que se merecen este &hellip; <\/p>\n<p class=\"link-more\"><a href=\"https:\/\/www.kukyflor.com\/blog\/novedades\/2015-el-ano-del-girasol\/\" class=\"more-link\">Continuar leyendo<span class=\"screen-reader-text\"> \u00ab2015: El a\u00f1o del girasol\u00bb<\/span><\/a><\/p>\n","protected":false},"author":5,"featured_media":1240,"comment_status":"open","ping_status":"open","sticky":false,"template":"","format":"standard","meta":{"jetpack_post_was_ever_published":false,"_jetpack_newsletter_access":"","_jetpack_dont_email_post_to_subs":false,"_jetpack_newsletter_tier_id":0,"_jetpack_memberships_contains_paywalled_content":false,"_jetpack_memberships_contains_paid_content":false,"footnotes":""},"categories":[112],"tags":[341],"class_list":["post-1238","post","type-post","status-publish","format-standard","has-post-thumbnail","hentry","category-novedades","tag-girasol"],"acf":[],"yoast_head":"<!-- This site is optimized with the Yoast SEO plugin v23.6 - https:\/\/yoast.com\/wordpress\/plugins\/seo\/ -->\n<title>Kukyflor | 2015: El a\u00f1o del girasol<\/title>\n<meta name=\"description\" content=\"El 2015 ha sido elegido como el a\u00f1o oficial del hermoso girasol. \u00a1Ent\u00e9rate m\u00e1s en esta nota!\" \/>\n<meta name=\"robots\" content=\"index, follow, max-snippet:-1, max-image-preview:large, max-video-preview:-1\" \/>\n<link rel=\"canonical\" href=\"https:\/\/www.kukyflor.com\/blog\/novedades\/2015-el-ano-del-girasol\/\" \/>\n<meta property=\"og:locale\" content=\"es_ES\" \/>\n<meta property=\"og:type\" content=\"article\" \/>\n<meta property=\"og:title\" content=\"Kukyflor | 2015: El a\u00f1o del girasol\" \/>\n<meta property=\"og:description\" content=\"El 2015 ha sido elegido como el a\u00f1o oficial del hermoso girasol. \u00a1Ent\u00e9rate m\u00e1s en esta nota!\" \/>\n<meta property=\"og:url\" content=\"https:\/\/www.kukyflor.com\/blog\/novedades\/2015-el-ano-del-girasol\/\" \/>\n<meta property=\"og:site_name\" content=\"Cultivamos Emociones\" \/>\n<meta property=\"article:published_time\" content=\"2015-09-14T14:30:24+00:00\" \/>\n<meta property=\"article:modified_time\" content=\"2023-10-31T17:54:24+00:00\" \/>\n<meta property=\"og:image\" content=\"https:\/\/www.kukyflor.com\/blog\/wp-content\/uploads\/2015\/09\/sonnenblumen.jpg\" \/>\n\t<meta property=\"og:image:width\" content=\"1200\" \/>\n\t<meta property=\"og:image:height\" content=\"800\" \/>\n\t<meta property=\"og:image:type\" content=\"image\/jpeg\" \/>\n<meta name=\"author\" content=\"Martin Mendoza del Soalr\" \/>\n<meta name=\"twitter:card\" content=\"summary_large_image\" \/>\n<meta name=\"twitter:label1\" content=\"Escrito por\" \/>\n\t<meta name=\"twitter:data1\" content=\"Martin Mendoza del Soalr\" \/>\n\t<meta name=\"twitter:label2\" content=\"Tiempo de lectura\" \/>\n\t<meta name=\"twitter:data2\" content=\"3 minutos\" \/>\n<script type=\"application\/ld+json\" class=\"yoast-schema-graph\">{\"@context\":\"https:\/\/schema.org\",\"@graph\":[{\"@type\":\"Article\",\"@id\":\"https:\/\/www.kukyflor.com\/blog\/novedades\/2015-el-ano-del-girasol\/#article\",\"isPartOf\":{\"@id\":\"https:\/\/www.kukyflor.com\/blog\/novedades\/2015-el-ano-del-girasol\/\"},\"author\":{\"name\":\"Martin Mendoza del Soalr\",\"@id\":\"https:\/\/www.kukyflor.com\/blog\/#\/schema\/person\/9ae4d1e568036f69b4370584e0090487\"},\"headline\":\"2015: El a\u00f1o del girasol\",\"datePublished\":\"2015-09-14T14:30:24+00:00\",\"dateModified\":\"2023-10-31T17:54:24+00:00\",\"mainEntityOfPage\":{\"@id\":\"https:\/\/www.kukyflor.com\/blog\/novedades\/2015-el-ano-del-girasol\/\"},\"wordCount\":420,\"commentCount\":0,\"publisher\":{\"@id\":\"https:\/\/www.kukyflor.com\/blog\/#organization\"},\"image\":{\"@id\":\"https:\/\/www.kukyflor.com\/blog\/novedades\/2015-el-ano-del-girasol\/#primaryimage\"},\"thumbnailUrl\":\"https:\/\/www.kukyflor.com\/blog\/wp-content\/uploads\/2015\/09\/sonnenblumen.jpg\",\"keywords\":[\"girasol\"],\"articleSection\":[\"NOVEDADES\"],\"inLanguage\":\"es\",\"potentialAction\":[{\"@type\":\"CommentAction\",\"name\":\"Comment\",\"target\":[\"https:\/\/www.kukyflor.com\/blog\/novedades\/2015-el-ano-del-girasol\/#respond\"]}]},{\"@type\":\"WebPage\",\"@id\":\"https:\/\/www.kukyflor.com\/blog\/novedades\/2015-el-ano-del-girasol\/\",\"url\":\"https:\/\/www.kukyflor.com\/blog\/novedades\/2015-el-ano-del-girasol\/\",\"name\":\"Kukyflor | 2015: El a\u00f1o del girasol\",\"isPartOf\":{\"@id\":\"https:\/\/www.kukyflor.com\/blog\/#website\"},\"primaryImageOfPage\":{\"@id\":\"https:\/\/www.kukyflor.com\/blog\/novedades\/2015-el-ano-del-girasol\/#primaryimage\"},\"image\":{\"@id\":\"https:\/\/www.kukyflor.com\/blog\/novedades\/2015-el-ano-del-girasol\/#primaryimage\"},\"thumbnailUrl\":\"https:\/\/www.kukyflor.com\/blog\/wp-content\/uploads\/2015\/09\/sonnenblumen.jpg\",\"datePublished\":\"2015-09-14T14:30:24+00:00\",\"dateModified\":\"2023-10-31T17:54:24+00:00\",\"description\":\"El 2015 ha sido elegido como el a\u00f1o oficial del hermoso girasol. \u00a1Ent\u00e9rate m\u00e1s en esta nota!\",\"breadcrumb\":{\"@id\":\"https:\/\/www.kukyflor.com\/blog\/novedades\/2015-el-ano-del-girasol\/#breadcrumb\"},\"inLanguage\":\"es\",\"potentialAction\":[{\"@type\":\"ReadAction\",\"target\":[\"https:\/\/www.kukyflor.com\/blog\/novedades\/2015-el-ano-del-girasol\/\"]}]},{\"@type\":\"ImageObject\",\"inLanguage\":\"es\",\"@id\":\"https:\/\/www.kukyflor.com\/blog\/novedades\/2015-el-ano-del-girasol\/#primaryimage\",\"url\":\"https:\/\/www.kukyflor.com\/blog\/wp-content\/uploads\/2015\/09\/sonnenblumen.jpg\",\"contentUrl\":\"https:\/\/www.kukyflor.com\/blog\/wp-content\/uploads\/2015\/09\/sonnenblumen.jpg\",\"width\":1200,\"height\":800,\"caption\":\"Girasol\"},{\"@type\":\"BreadcrumbList\",\"@id\":\"https:\/\/www.kukyflor.com\/blog\/novedades\/2015-el-ano-del-girasol\/#breadcrumb\",\"itemListElement\":[{\"@type\":\"ListItem\",\"position\":1,\"name\":\"Portada\",\"item\":\"https:\/\/www.kukyflor.com\/blog\/\"},{\"@type\":\"ListItem\",\"position\":2,\"name\":\"2015: El a\u00f1o del girasol\"}]},{\"@type\":\"WebSite\",\"@id\":\"https:\/\/www.kukyflor.com\/blog\/#website\",\"url\":\"https:\/\/www.kukyflor.com\/blog\/\",\"name\":\"Cultivamos Emociones\",\"description\":\"Descubre el secreto del mundo de las flores\",\"publisher\":{\"@id\":\"https:\/\/www.kukyflor.com\/blog\/#organization\"},\"potentialAction\":[{\"@type\":\"SearchAction\",\"target\":{\"@type\":\"EntryPoint\",\"urlTemplate\":\"https:\/\/www.kukyflor.com\/blog\/?s={search_term_string}\"},\"query-input\":{\"@type\":\"PropertyValueSpecification\",\"valueRequired\":true,\"valueName\":\"search_term_string\"}}],\"inLanguage\":\"es\"},{\"@type\":\"Organization\",\"@id\":\"https:\/\/www.kukyflor.com\/blog\/#organization\",\"name\":\"Kukyflor\",\"url\":\"https:\/\/www.kukyflor.com\/blog\/\",\"logo\":{\"@type\":\"ImageObject\",\"inLanguage\":\"es\",\"@id\":\"https:\/\/www.kukyflor.com\/blog\/#\/schema\/logo\/image\/\",\"url\":\"https:\/\/www.kukyflor.com\/blog\/wp-content\/uploads\/2014\/04\/logo.png\",\"contentUrl\":\"https:\/\/www.kukyflor.com\/blog\/wp-content\/uploads\/2014\/04\/logo.png\",\"width\":350,\"height\":107,\"caption\":\"Kukyflor\"},\"image\":{\"@id\":\"https:\/\/www.kukyflor.com\/blog\/#\/schema\/logo\/image\/\"}},{\"@type\":\"Person\",\"@id\":\"https:\/\/www.kukyflor.com\/blog\/#\/schema\/person\/9ae4d1e568036f69b4370584e0090487\",\"name\":\"Martin Mendoza del Soalr\",\"image\":{\"@type\":\"ImageObject\",\"inLanguage\":\"es\",\"@id\":\"https:\/\/www.kukyflor.com\/blog\/#\/schema\/person\/image\/\",\"url\":\"https:\/\/secure.gravatar.com\/avatar\/6b6c80486245fad03733c4d31657d1bc?s=96&d=mm&r=g\",\"contentUrl\":\"https:\/\/secure.gravatar.com\/avatar\/6b6c80486245fad03733c4d31657d1bc?s=96&d=mm&r=g\",\"caption\":\"Martin Mendoza del Soalr\"}}]}<\/script>\n<!-- \/ Yoast SEO plugin. -->","yoast_head_json":{"title":"Kukyflor | 2015: El a\u00f1o del girasol","description":"El 2015 ha sido elegido como el a\u00f1o oficial del hermoso girasol. \u00a1Ent\u00e9rate m\u00e1s en esta nota!","robots":{"index":"index","follow":"follow","max-snippet":"max-snippet:-1","max-image-preview":"max-image-preview:large","max-video-preview":"max-video-preview:-1"},"canonical":"https:\/\/www.kukyflor.com\/blog\/novedades\/2015-el-ano-del-girasol\/","og_locale":"es_ES","og_type":"article","og_title":"Kukyflor | 2015: El a\u00f1o del girasol","og_description":"El 2015 ha sido elegido como el a\u00f1o oficial del hermoso girasol. \u00a1Ent\u00e9rate m\u00e1s en esta nota!","og_url":"https:\/\/www.kukyflor.com\/blog\/novedades\/2015-el-ano-del-girasol\/","og_site_name":"Cultivamos Emociones","article_published_time":"2015-09-14T14:30:24+00:00","article_modified_time":"2023-10-31T17:54:24+00:00","og_image":[{"width":1200,"height":800,"url":"https:\/\/www.kukyflor.com\/blog\/wp-content\/uploads\/2015\/09\/sonnenblumen.jpg","type":"image\/jpeg"}],"author":"Martin Mendoza del Soalr","twitter_card":"summary_large_image","twitter_misc":{"Escrito por":"Martin Mendoza del Soalr","Tiempo de lectura":"3 minutos"},"schema":{"@context":"https:\/\/schema.org","@graph":[{"@type":"Article","@id":"https:\/\/www.kukyflor.com\/blog\/novedades\/2015-el-ano-del-girasol\/#article","isPartOf":{"@id":"https:\/\/www.kukyflor.com\/blog\/novedades\/2015-el-ano-del-girasol\/"},"author":{"name":"Martin Mendoza del Soalr","@id":"https:\/\/www.kukyflor.com\/blog\/#\/schema\/person\/9ae4d1e568036f69b4370584e0090487"},"headline":"2015: El a\u00f1o del girasol","datePublished":"2015-09-14T14:30:24+00:00","dateModified":"2023-10-31T17:54:24+00:00","mainEntityOfPage":{"@id":"https:\/\/www.kukyflor.com\/blog\/novedades\/2015-el-ano-del-girasol\/"},"wordCount":420,"commentCount":0,"publisher":{"@id":"https:\/\/www.kukyflor.com\/blog\/#organization"},"image":{"@id":"https:\/\/www.kukyflor.com\/blog\/novedades\/2015-el-ano-del-girasol\/#primaryimage"},"thumbnailUrl":"https:\/\/www.kukyflor.com\/blog\/wp-content\/uploads\/2015\/09\/sonnenblumen.jpg","keywords":["girasol"],"articleSection":["NOVEDADES"],"inLanguage":"es","potentialAction":[{"@type":"CommentAction","name":"Comment","target":["https:\/\/www.kukyflor.com\/blog\/novedades\/2015-el-ano-del-girasol\/#respond"]}]},{"@type":"WebPage","@id":"https:\/\/www.kukyflor.com\/blog\/novedades\/2015-el-ano-del-girasol\/","url":"https:\/\/www.kukyflor.com\/blog\/novedades\/2015-el-ano-del-girasol\/","name":"Kukyflor | 2015: El a\u00f1o del girasol","isPartOf":{"@id":"https:\/\/www.kukyflor.com\/blog\/#website"},"primaryImageOfPage":{"@id":"https:\/\/www.kukyflor.com\/blog\/novedades\/2015-el-ano-del-girasol\/#primaryimage"},"image":{"@id":"https:\/\/www.kukyflor.com\/blog\/novedades\/2015-el-ano-del-girasol\/#primaryimage"},"thumbnailUrl":"https:\/\/www.kukyflor.com\/blog\/wp-content\/uploads\/2015\/09\/sonnenblumen.jpg","datePublished":"2015-09-14T14:30:24+00:00","dateModified":"2023-10-31T17:54:24+00:00","description":"El 2015 ha sido elegido como el a\u00f1o oficial del hermoso girasol. \u00a1Ent\u00e9rate m\u00e1s en esta nota!","breadcrumb":{"@id":"https:\/\/www.kukyflor.com\/blog\/novedades\/2015-el-ano-del-girasol\/#breadcrumb"},"inLanguage":"es","potentialAction":[{"@type":"ReadAction","target":["https:\/\/www.kukyflor.com\/blog\/novedades\/2015-el-ano-del-girasol\/"]}]},{"@type":"ImageObject","inLanguage":"es","@id":"https:\/\/www.kukyflor.com\/blog\/novedades\/2015-el-ano-del-girasol\/#primaryimage","url":"https:\/\/www.kukyflor.com\/blog\/wp-content\/uploads\/2015\/09\/sonnenblumen.jpg","contentUrl":"https:\/\/www.kukyflor.com\/blog\/wp-content\/uploads\/2015\/09\/sonnenblumen.jpg","width":1200,"height":800,"caption":"Girasol"},{"@type":"BreadcrumbList","@id":"https:\/\/www.kukyflor.com\/blog\/novedades\/2015-el-ano-del-girasol\/#breadcrumb","itemListElement":[{"@type":"ListItem","position":1,"name":"Portada","item":"https:\/\/www.kukyflor.com\/blog\/"},{"@type":"ListItem","position":2,"name":"2015: El a\u00f1o del girasol"}]},{"@type":"WebSite","@id":"https:\/\/www.kukyflor.com\/blog\/#website","url":"https:\/\/www.kukyflor.com\/blog\/","name":"Cultivamos Emociones","description":"Descubre el secreto del mundo de las flores","publisher":{"@id":"https:\/\/www.kukyflor.com\/blog\/#organization"},"potentialAction":[{"@type":"SearchAction","target":{"@type":"EntryPoint","urlTemplate":"https:\/\/www.kukyflor.com\/blog\/?s={search_term_string}"},"query-input":{"@type":"PropertyValueSpecification","valueRequired":true,"valueName":"search_term_string"}}],"inLanguage":"es"},{"@type":"Organization","@id":"https:\/\/www.kukyflor.com\/blog\/#organization","name":"Kukyflor","url":"https:\/\/www.kukyflor.com\/blog\/","logo":{"@type":"ImageObject","inLanguage":"es","@id":"https:\/\/www.kukyflor.com\/blog\/#\/schema\/logo\/image\/","url":"https:\/\/www.kukyflor.com\/blog\/wp-content\/uploads\/2014\/04\/logo.png","contentUrl":"https:\/\/www.kukyflor.com\/blog\/wp-content\/uploads\/2014\/04\/logo.png","width":350,"height":107,"caption":"Kukyflor"},"image":{"@id":"https:\/\/www.kukyflor.com\/blog\/#\/schema\/logo\/image\/"}},{"@type":"Person","@id":"https:\/\/www.kukyflor.com\/blog\/#\/schema\/person\/9ae4d1e568036f69b4370584e0090487","name":"Martin Mendoza del Soalr","image":{"@type":"ImageObject","inLanguage":"es","@id":"https:\/\/www.kukyflor.com\/blog\/#\/schema\/person\/image\/","url":"https:\/\/secure.gravatar.com\/avatar\/6b6c80486245fad03733c4d31657d1bc?s=96&d=mm&r=g","contentUrl":"https:\/\/secure.gravatar.com\/avatar\/6b6c80486245fad03733c4d31657d1bc?s=96&d=mm&r=g","caption":"Martin Mendoza del Soalr"}}]}},"jetpack_featured_media_url":"https:\/\/www.kukyflor.com\/blog\/wp-content\/uploads\/2015\/09\/sonnenblumen.jpg","jetpack_sharing_enabled":true,"jetpack_shortlink":"https:\/\/wp.me\/p5HjDL-jY","_links":{"self":[{"href":"https:\/\/www.kukyflor.com\/blog\/wp-json\/wp\/v2\/posts\/1238"}],"collection":[{"href":"https:\/\/www.kukyflor.com\/blog\/wp-json\/wp\/v2\/posts"}],"about":[{"href":"https:\/\/www.kukyflor.com\/blog\/wp-json\/wp\/v2\/types\/post"}],"author":[{"embeddable":true,"href":"https:\/\/www.kukyflor.com\/blog\/wp-json\/wp\/v2\/users\/5"}],"replies":[{"embeddable":true,"href":"https:\/\/www.kukyflor.com\/blog\/wp-json\/wp\/v2\/comments?post=1238"}],"version-history":[{"count":3,"href":"https:\/\/www.kukyflor.com\/blog\/wp-json\/wp\/v2\/posts\/1238\/revisions"}],"predecessor-version":[{"id":4157,"href":"https:\/\/www.kukyflor.com\/blog\/wp-json\/wp\/v2\/posts\/1238\/revisions\/4157"}],"wp:featuredmedia":[{"embeddable":true,"href":"https:\/\/www.kukyflor.com\/blog\/wp-json\/wp\/v2\/media\/1240"}],"wp:attachment":[{"href":"https:\/\/www.kukyflor.com\/blog\/wp-json\/wp\/v2\/media?parent=1238"}],"wp:term":[{"taxonomy":"category","embeddable":true,"href":"https:\/\/www.kukyflor.com\/blog\/wp-json\/wp\/v2\/categories?post=1238"},{"taxonomy":"post_tag","embeddable":true,"href":"https:\/\/www.kukyflor.com\/blog\/wp-json\/wp\/v2\/tags?post=1238"}],"curies":[{"name":"wp","href":"https:\/\/api.w.org\/{rel}","templated":true}]}}